{"id":2131,"date":"2016-03-08T11:45:40","date_gmt":"2016-03-08T10:45:40","guid":{"rendered":"https:\/\/www.gonzalogarciasantos.com\/2016\/03\/a-la-venta-el-disco-de-la-habitacion-de-los-suenos\/"},"modified":"2022-02-19T06:17:29","modified_gmt":"2022-02-19T05:17:29","slug":"now-available-the-album-of-la-habitacion-de-los-suenos","status":"publish","type":"post","link":"https:\/\/www.gonzalogarciasantos.com\/en\/2016\/03\/now-available-the-album-of-la-habitacion-de-los-suenos\/","title":{"rendered":"Now available the album of &#8220;La habitaci\u00f3n de los sue\u00f1os&#8221;"},"content":{"rendered":"<p>[vc_row][vc_column][vc_column_text]We have already released the CD of the songs and incidental music of the children&#8217;s play &#8220;La habitaci\u00f3n de los sue\u00f1os&#8221;. Songs to learn to be attentive in a show, to keep the planet clean, to dream pleasant dreams, to have friends who are different from us&#8230;<\/p>\n<p>The CD comes, in addition, with the lyrics of the songs and their instrumental version to be able to sing karaoke style.<\/p>\n<p>The choruses of the songs can be downloaded at CB Teatro.[\/vc_column_text][\/vc_column][\/vc_row]<\/p>\n","protected":false},"excerpt":{"rendered":"<p>We have already released the CD of the songs and incidental music of the children&#8217;s play &#8220;La habitaci\u00f3n de los sue\u00f1os&#8221;. <\/p>\n","protected":false},"author":1,"featured_media":1844,"comment_status":"open","ping_status":"open","sticky":false,"template":"","format":"standard","meta":[],"categories":[281,278],"tags":[337,335,340,295,339,338,311,315,336],"yoast_head":"<!-- This site is optimized with the Yoast SEO plugin v17.9 - https:\/\/yoast.com\/wordpress\/plugins\/seo\/ -->\n<title>Now available the album of &quot;La habitaci\u00f3n de los sue\u00f1os&quot; - Gonzalo Garc\u00eda Santos<\/title>\n<meta name=\"robots\" content=\"index, follow, max-snippet:-1, max-image-preview:large, max-video-preview:-1\" \/>\n<link rel=\"canonical\" href=\"https:\/\/www.gonzalogarciasantos.com\/en\/2016\/03\/now-available-the-album-of-la-habitacion-de-los-suenos\/\" \/>\n<meta property=\"og:locale\" content=\"en_US\" \/>\n<meta property=\"og:type\" content=\"article\" \/>\n<meta property=\"og:title\" content=\"Now available the album of &quot;La habitaci\u00f3n de los sue\u00f1os&quot; - Gonzalo Garc\u00eda Santos\" \/>\n<meta property=\"og:description\" content=\"We have already released the CD of the songs and incidental music of the children&#039;s play &quot;La habitaci\u00f3n de los sue\u00f1os&quot;.\" \/>\n<meta property=\"og:url\" content=\"https:\/\/www.gonzalogarciasantos.com\/en\/2016\/03\/now-available-the-album-of-la-habitacion-de-los-suenos\/\" \/>\n<meta property=\"og:site_name\" content=\"Gonzalo Garc\u00eda Santos\" \/>\n<meta property=\"article:published_time\" content=\"2016-03-08T10:45:40+00:00\" \/>\n<meta property=\"article:modified_time\" content=\"2022-02-19T05:17:29+00:00\" \/>\n<meta property=\"og:image\" content=\"https:\/\/www.gonzalogarciasantos.com\/wp-content\/uploads\/2016\/03\/CD-La-habitacion.jpg\" \/>\n\t<meta property=\"og:image:width\" content=\"296\" \/>\n\t<meta property=\"og:image:height\" content=\"394\" \/>\n\t<meta property=\"og:image:type\" content=\"image\/jpeg\" \/>\n<meta name=\"twitter:card\" content=\"summary\" \/>\n<meta name=\"twitter:label1\" content=\"Written by\" \/>\n\t<meta name=\"twitter:data1\" content=\"Gonzalo\" \/>\n<script type=\"application\/ld+json\" class=\"yoast-schema-graph\">{\"@context\":\"https:\/\/schema.org\",\"@graph\":[{\"@type\":\"WebSite\",\"@id\":\"https:\/\/www.gonzalogarciasantos.com\/#website\",\"url\":\"https:\/\/www.gonzalogarciasantos.com\/\",\"name\":\"Gonzalo Garc\\u00eda Santos\",\"description\":\"Music Composer and Producer\",\"publisher\":{\"@id\":\"https:\/\/www.gonzalogarciasantos.com\/#\/schema\/person\/b30d438e90bf71131ef233a68bd624ee\"},\"potentialAction\":[{\"@type\":\"SearchAction\",\"target\":{\"@type\":\"EntryPoint\",\"urlTemplate\":\"https:\/\/www.gonzalogarciasantos.com\/?s={search_term_string}\"},\"query-input\":\"required name=search_term_string\"}],\"inLanguage\":\"en-US\"},{\"@type\":\"ImageObject\",\"@id\":\"https:\/\/www.gonzalogarciasantos.com\/en\/2016\/03\/now-available-the-album-of-la-habitacion-de-los-suenos\/#primaryimage\",\"inLanguage\":\"en-US\",\"url\":\"https:\/\/www.gonzalogarciasantos.com\/wp-content\/uploads\/2016\/03\/CD-La-habitacion.jpg\",\"contentUrl\":\"https:\/\/www.gonzalogarciasantos.com\/wp-content\/uploads\/2016\/03\/CD-La-habitacion.jpg\",\"width\":296,\"height\":394},{\"@type\":\"WebPage\",\"@id\":\"https:\/\/www.gonzalogarciasantos.com\/en\/2016\/03\/now-available-the-album-of-la-habitacion-de-los-suenos\/#webpage\",\"url\":\"https:\/\/www.gonzalogarciasantos.com\/en\/2016\/03\/now-available-the-album-of-la-habitacion-de-los-suenos\/\",\"name\":\"Now available the album of \\\"La habitaci\\u00f3n de los sue\\u00f1os\\\" - Gonzalo Garc\\u00eda Santos\",\"isPartOf\":{\"@id\":\"https:\/\/www.gonzalogarciasantos.com\/#website\"},\"primaryImageOfPage\":{\"@id\":\"https:\/\/www.gonzalogarciasantos.com\/en\/2016\/03\/now-available-the-album-of-la-habitacion-de-los-suenos\/#primaryimage\"},\"datePublished\":\"2016-03-08T10:45:40+00:00\",\"dateModified\":\"2022-02-19T05:17:29+00:00\",\"breadcrumb\":{\"@id\":\"https:\/\/www.gonzalogarciasantos.com\/en\/2016\/03\/now-available-the-album-of-la-habitacion-de-los-suenos\/#breadcrumb\"},\"inLanguage\":\"en-US\",\"potentialAction\":[{\"@type\":\"ReadAction\",\"target\":[\"https:\/\/www.gonzalogarciasantos.com\/en\/2016\/03\/now-available-the-album-of-la-habitacion-de-los-suenos\/\"]}]},{\"@type\":\"BreadcrumbList\",\"@id\":\"https:\/\/www.gonzalogarciasantos.com\/en\/2016\/03\/now-available-the-album-of-la-habitacion-de-los-suenos\/#breadcrumb\",\"itemListElement\":[{\"@type\":\"ListItem\",\"position\":1,\"name\":\"Portada\",\"item\":\"https:\/\/www.gonzalogarciasantos.com\/en\/\"},{\"@type\":\"ListItem\",\"position\":2,\"name\":\"Now available the album of &#8220;La habitaci\\u00f3n de los sue\\u00f1os&#8221;\"}]},{\"@type\":\"Article\",\"@id\":\"https:\/\/www.gonzalogarciasantos.com\/en\/2016\/03\/now-available-the-album-of-la-habitacion-de-los-suenos\/#article\",\"isPartOf\":{\"@id\":\"https:\/\/www.gonzalogarciasantos.com\/en\/2016\/03\/now-available-the-album-of-la-habitacion-de-los-suenos\/#webpage\"},\"author\":{\"@id\":\"https:\/\/www.gonzalogarciasantos.com\/#\/schema\/person\/b30d438e90bf71131ef233a68bd624ee\"},\"headline\":\"Now available the album of &#8220;La habitaci\\u00f3n de los sue\\u00f1os&#8221;\",\"datePublished\":\"2016-03-08T10:45:40+00:00\",\"dateModified\":\"2022-02-19T05:17:29+00:00\",\"mainEntityOfPage\":{\"@id\":\"https:\/\/www.gonzalogarciasantos.com\/en\/2016\/03\/now-available-the-album-of-la-habitacion-de-los-suenos\/#webpage\"},\"wordCount\":108,\"commentCount\":0,\"publisher\":{\"@id\":\"https:\/\/www.gonzalogarciasantos.com\/#\/schema\/person\/b30d438e90bf71131ef233a68bd624ee\"},\"image\":{\"@id\":\"https:\/\/www.gonzalogarciasantos.com\/en\/2016\/03\/now-available-the-album-of-la-habitacion-de-los-suenos\/#primaryimage\"},\"thumbnailUrl\":\"https:\/\/www.gonzalogarciasantos.com\/wp-content\/uploads\/2016\/03\/CD-La-habitacion.jpg\",\"keywords\":[\"education in values\",\"educational songs\",\"educational theater\",\"Gonzalo Garcia Santos\",\"kids\",\"la habitacion de los sue\\u00f1os\",\"music for theater\",\"musical theater\",\"songs for children\"],\"articleSection\":[\"Audiovisual\",\"Scenic\"],\"inLanguage\":\"en-US\",\"potentialAction\":[{\"@type\":\"CommentAction\",\"name\":\"Comment\",\"target\":[\"https:\/\/www.gonzalogarciasantos.com\/en\/2016\/03\/now-available-the-album-of-la-habitacion-de-los-suenos\/#respond\"]}]},{\"@type\":[\"Person\",\"Organization\"],\"@id\":\"https:\/\/www.gonzalogarciasantos.com\/#\/schema\/person\/b30d438e90bf71131ef233a68bd624ee\",\"name\":\"Gonzalo\",\"image\":{\"@type\":\"ImageObject\",\"@id\":\"https:\/\/www.gonzalogarciasantos.com\/#personlogo\",\"inLanguage\":\"en-US\",\"url\":\"https:\/\/www.gonzalogarciasantos.com\/wp-content\/uploads\/2022\/01\/gonzalo2.png\",\"contentUrl\":\"https:\/\/www.gonzalogarciasantos.com\/wp-content\/uploads\/2022\/01\/gonzalo2.png\",\"width\":720,\"height\":1080,\"caption\":\"Gonzalo\"},\"logo\":{\"@id\":\"https:\/\/www.gonzalogarciasantos.com\/#personlogo\"},\"sameAs\":[\"https:\/\/www.gonzalogarciasantos.com\"]}]}<\/script>\n<!-- \/ Yoast SEO plugin. -->","yoast_head_json":{"title":"Now available the album of \"La habitaci\u00f3n de los sue\u00f1os\" - Gonzalo Garc\u00eda Santos","robots":{"index":"index","follow":"follow","max-snippet":"max-snippet:-1","max-image-preview":"max-image-preview:large","max-video-preview":"max-video-preview:-1"},"canonical":"https:\/\/www.gonzalogarciasantos.com\/en\/2016\/03\/now-available-the-album-of-la-habitacion-de-los-suenos\/","og_locale":"en_US","og_type":"article","og_title":"Now available the album of \"La habitaci\u00f3n de los sue\u00f1os\" - Gonzalo Garc\u00eda Santos","og_description":"We have already released the CD of the songs and incidental music of the children's play \"La habitaci\u00f3n de los sue\u00f1os\".","og_url":"https:\/\/www.gonzalogarciasantos.com\/en\/2016\/03\/now-available-the-album-of-la-habitacion-de-los-suenos\/","og_site_name":"Gonzalo Garc\u00eda Santos","article_published_time":"2016-03-08T10:45:40+00:00","article_modified_time":"2022-02-19T05:17:29+00:00","og_image":[{"width":296,"height":394,"url":"https:\/\/www.gonzalogarciasantos.com\/wp-content\/uploads\/2016\/03\/CD-La-habitacion.jpg","type":"image\/jpeg"}],"twitter_card":"summary","twitter_misc":{"Written by":"Gonzalo"},"schema":{"@context":"https:\/\/schema.org","@graph":[{"@type":"WebSite","@id":"https:\/\/www.gonzalogarciasantos.com\/#website","url":"https:\/\/www.gonzalogarciasantos.com\/","name":"Gonzalo Garc\u00eda Santos","description":"Music Composer and Producer","publisher":{"@id":"https:\/\/www.gonzalogarciasantos.com\/#\/schema\/person\/b30d438e90bf71131ef233a68bd624ee"},"potentialAction":[{"@type":"SearchAction","target":{"@type":"EntryPoint","urlTemplate":"https:\/\/www.gonzalogarciasantos.com\/?s={search_term_string}"},"query-input":"required name=search_term_string"}],"inLanguage":"en-US"},{"@type":"ImageObject","@id":"https:\/\/www.gonzalogarciasantos.com\/en\/2016\/03\/now-available-the-album-of-la-habitacion-de-los-suenos\/#primaryimage","inLanguage":"en-US","url":"https:\/\/www.gonzalogarciasantos.com\/wp-content\/uploads\/2016\/03\/CD-La-habitacion.jpg","contentUrl":"https:\/\/www.gonzalogarciasantos.com\/wp-content\/uploads\/2016\/03\/CD-La-habitacion.jpg","width":296,"height":394},{"@type":"WebPage","@id":"https:\/\/www.gonzalogarciasantos.com\/en\/2016\/03\/now-available-the-album-of-la-habitacion-de-los-suenos\/#webpage","url":"https:\/\/www.gonzalogarciasantos.com\/en\/2016\/03\/now-available-the-album-of-la-habitacion-de-los-suenos\/","name":"Now available the album of \"La habitaci\u00f3n de los sue\u00f1os\" - Gonzalo Garc\u00eda Santos","isPartOf":{"@id":"https:\/\/www.gonzalogarciasantos.com\/#website"},"primaryImageOfPage":{"@id":"https:\/\/www.gonzalogarciasantos.com\/en\/2016\/03\/now-available-the-album-of-la-habitacion-de-los-suenos\/#primaryimage"},"datePublished":"2016-03-08T10:45:40+00:00","dateModified":"2022-02-19T05:17:29+00:00","breadcrumb":{"@id":"https:\/\/www.gonzalogarciasantos.com\/en\/2016\/03\/now-available-the-album-of-la-habitacion-de-los-suenos\/#breadcrumb"},"inLanguage":"en-US","potentialAction":[{"@type":"ReadAction","target":["https:\/\/www.gonzalogarciasantos.com\/en\/2016\/03\/now-available-the-album-of-la-habitacion-de-los-suenos\/"]}]},{"@type":"BreadcrumbList","@id":"https:\/\/www.gonzalogarciasantos.com\/en\/2016\/03\/now-available-the-album-of-la-habitacion-de-los-suenos\/#breadcrumb","itemListElement":[{"@type":"ListItem","position":1,"name":"Portada","item":"https:\/\/www.gonzalogarciasantos.com\/en\/"},{"@type":"ListItem","position":2,"name":"Now available the album of &#8220;La habitaci\u00f3n de los sue\u00f1os&#8221;"}]},{"@type":"Article","@id":"https:\/\/www.gonzalogarciasantos.com\/en\/2016\/03\/now-available-the-album-of-la-habitacion-de-los-suenos\/#article","isPartOf":{"@id":"https:\/\/www.gonzalogarciasantos.com\/en\/2016\/03\/now-available-the-album-of-la-habitacion-de-los-suenos\/#webpage"},"author":{"@id":"https:\/\/www.gonzalogarciasantos.com\/#\/schema\/person\/b30d438e90bf71131ef233a68bd624ee"},"headline":"Now available the album of &#8220;La habitaci\u00f3n de los sue\u00f1os&#8221;","datePublished":"2016-03-08T10:45:40+00:00","dateModified":"2022-02-19T05:17:29+00:00","mainEntityOfPage":{"@id":"https:\/\/www.gonzalogarciasantos.com\/en\/2016\/03\/now-available-the-album-of-la-habitacion-de-los-suenos\/#webpage"},"wordCount":108,"commentCount":0,"publisher":{"@id":"https:\/\/www.gonzalogarciasantos.com\/#\/schema\/person\/b30d438e90bf71131ef233a68bd624ee"},"image":{"@id":"https:\/\/www.gonzalogarciasantos.com\/en\/2016\/03\/now-available-the-album-of-la-habitacion-de-los-suenos\/#primaryimage"},"thumbnailUrl":"https:\/\/www.gonzalogarciasantos.com\/wp-content\/uploads\/2016\/03\/CD-La-habitacion.jpg","keywords":["education in values","educational songs","educational theater","Gonzalo Garcia Santos","kids","la habitacion de los sue\u00f1os","music for theater","musical theater","songs for children"],"articleSection":["Audiovisual","Scenic"],"inLanguage":"en-US","potentialAction":[{"@type":"CommentAction","name":"Comment","target":["https:\/\/www.gonzalogarciasantos.com\/en\/2016\/03\/now-available-the-album-of-la-habitacion-de-los-suenos\/#respond"]}]},{"@type":["Person","Organization"],"@id":"https:\/\/www.gonzalogarciasantos.com\/#\/schema\/person\/b30d438e90bf71131ef233a68bd624ee","name":"Gonzalo","image":{"@type":"ImageObject","@id":"https:\/\/www.gonzalogarciasantos.com\/#personlogo","inLanguage":"en-US","url":"https:\/\/www.gonzalogarciasantos.com\/wp-content\/uploads\/2022\/01\/gonzalo2.png","contentUrl":"https:\/\/www.gonzalogarciasantos.com\/wp-content\/uploads\/2022\/01\/gonzalo2.png","width":720,"height":1080,"caption":"Gonzalo"},"logo":{"@id":"https:\/\/www.gonzalogarciasantos.com\/#personlogo"},"sameAs":["https:\/\/www.gonzalogarciasantos.com"]}]}},"_links":{"self":[{"href":"https:\/\/www.gonzalogarciasantos.com\/en\/wp-json\/wp\/v2\/posts\/2131"}],"collection":[{"href":"https:\/\/www.gonzalogarciasantos.com\/en\/wp-json\/wp\/v2\/posts"}],"about":[{"href":"https:\/\/www.gonzalogarciasantos.com\/en\/wp-json\/wp\/v2\/types\/post"}],"author":[{"embeddable":true,"href":"https:\/\/www.gonzalogarciasantos.com\/en\/wp-json\/wp\/v2\/users\/1"}],"replies":[{"embeddable":true,"href":"https:\/\/www.gonzalogarciasantos.com\/en\/wp-json\/wp\/v2\/comments?post=2131"}],"version-history":[{"count":0,"href":"https:\/\/www.gonzalogarciasantos.com\/en\/wp-json\/wp\/v2\/posts\/2131\/revisions"}],"wp:featuredmedia":[{"embeddable":true,"href":"https:\/\/www.gonzalogarciasantos.com\/en\/wp-json\/wp\/v2\/media\/1844"}],"wp:attachment":[{"href":"https:\/\/www.gonzalogarciasantos.com\/en\/wp-json\/wp\/v2\/media?parent=2131"}],"wp:term":[{"taxonomy":"category","embeddable":true,"href":"https:\/\/www.gonzalogarciasantos.com\/en\/wp-json\/wp\/v2\/categories?post=2131"},{"taxonomy":"post_tag","embeddable":true,"href":"https:\/\/www.gonzalogarciasantos.com\/en\/wp-json\/wp\/v2\/tags?post=2131"}],"curies":[{"name":"wp","href":"https:\/\/api.w.org\/{rel}","templated":true}]}}