{"id":2323,"date":"2022-04-15T19:28:46","date_gmt":"2022-04-15T17:28:46","guid":{"rendered":"https:\/\/www.gonzalogarciasantos.com\/?p=2323"},"modified":"2022-04-15T19:34:21","modified_gmt":"2022-04-15T17:34:21","slug":"los-figurantes-by-jose-sanchis-re-performance-at-the-teatro-real-carlos-iii-in-aranjuez","status":"publish","type":"post","link":"https:\/\/www.gonzalogarciasantos.com\/en\/2022\/04\/los-figurantes-by-jose-sanchis-re-performance-at-the-teatro-real-carlos-iii-in-aranjuez\/","title":{"rendered":"Los Figurantes by Jose Sanchis. Re-performance at the Teatro Real Carlos III in Aranjuez"},"content":{"rendered":"<p>[vc_row][vc_column][vc_column_text]The company Teatro del Corso, directed by Delf\u00edn Est\u00e9vez and Maria Jos\u00e9 Gil, performed on 8 and 9 April the choral comedy by Jos\u00e9 Sanchis Sinisterra, Los Figurantes. As in the previous performance in 2018, they counted on the musical pieces composed by me to give shape to this excellent juggling metatheatre piece. Los Figurantes is part of the successful genre of &#8220;disastrous shows&#8221;, popularised by titles such as &#8220;Qu\u00e9 desastre de funci\u00f3n&#8221; or -more recently- &#8220;La funci\u00f3n que sale mal&#8221; (The show that goes wrong).The distinguishing feature of Los Figurantes compared to other pieces of the genre lies in the allegorical substratum that runs through the whole show, contributing to enrich the show&#8217;s vigorous comedy with a sharp reflection on the paradoxes of individual and collective freedom.<\/p>\n<p>&nbsp;<\/p>\n<p><span id=\"page11R_mcid34\" class=\"markedContent\"><span dir=\"ltr\" role=\"presentation\"><br \/>\n<\/span><\/span><span id=\"page11R_mcid35\" class=\"markedContent\"><\/span><span id=\"page11R_mcid36\" class=\"markedContent\"><\/span>[\/vc_column_text][\/vc_column][\/vc_row]<\/p>\n","protected":false},"excerpt":{"rendered":"<p>[vc_row][vc_column][vc_column_text]The company Teatro del Corso, directed by Delf\u00edn Est\u00e9vez and Maria Jos\u00e9 Gil, performed on 8 and 9 April the choral comedy by Jos\u00e9 Sanchis Sinisterra, Los Figurantes. As in the previous performance in 2018, they counted on the musical&#8230;<\/p>\n","protected":false},"author":1,"featured_media":2322,"comment_status":"open","ping_status":"open","sticky":false,"template":"","format":"standard","meta":[],"categories":[278],"tags":[311,313],"yoast_head":"<!-- This site is optimized with the Yoast SEO plugin v17.9 - https:\/\/yoast.com\/wordpress\/plugins\/seo\/ -->\n<title>Los Figurantes by Jose Sanchis. Re-performance at the Teatro Real Carlos III in Aranjuez - Gonzalo Garc\u00eda Santos<\/title>\n<meta name=\"robots\" content=\"index, follow, max-snippet:-1, max-image-preview:large, max-video-preview:-1\" \/>\n<link rel=\"canonical\" href=\"https:\/\/www.gonzalogarciasantos.com\/en\/2022\/04\/los-figurantes-by-jose-sanchis-re-performance-at-the-teatro-real-carlos-iii-in-aranjuez\/\" \/>\n<meta property=\"og:locale\" content=\"en_US\" \/>\n<meta property=\"og:type\" content=\"article\" \/>\n<meta property=\"og:title\" content=\"Los Figurantes by Jose Sanchis. Re-performance at the Teatro Real Carlos III in Aranjuez - Gonzalo Garc\u00eda Santos\" \/>\n<meta property=\"og:description\" content=\"[vc_row][vc_column][vc_column_text]The company Teatro del Corso, directed by Delf\u00edn Est\u00e9vez and Maria Jos\u00e9 Gil, performed on 8 and 9 April the choral comedy by Jos\u00e9 Sanchis Sinisterra, Los Figurantes. As in the previous performance in 2018, they counted on the musical...\" \/>\n<meta property=\"og:url\" content=\"https:\/\/www.gonzalogarciasantos.com\/en\/2022\/04\/los-figurantes-by-jose-sanchis-re-performance-at-the-teatro-real-carlos-iii-in-aranjuez\/\" \/>\n<meta property=\"og:site_name\" content=\"Gonzalo Garc\u00eda Santos\" \/>\n<meta property=\"article:published_time\" content=\"2022-04-15T17:28:46+00:00\" \/>\n<meta property=\"article:modified_time\" content=\"2022-04-15T17:34:21+00:00\" \/>\n<meta property=\"og:image\" content=\"https:\/\/www.gonzalogarciasantos.com\/wp-content\/uploads\/2022\/04\/cartel-los-figurante2022.jpg\" \/>\n\t<meta property=\"og:image:width\" content=\"764\" \/>\n\t<meta property=\"og:image:height\" content=\"1080\" \/>\n\t<meta property=\"og:image:type\" content=\"image\/jpeg\" \/>\n<meta name=\"twitter:card\" content=\"summary\" \/>\n<meta name=\"twitter:label1\" content=\"Written by\" \/>\n\t<meta name=\"twitter:data1\" content=\"Gonzalo\" \/>\n\t<meta name=\"twitter:label2\" content=\"Est. reading time\" \/>\n\t<meta name=\"twitter:data2\" content=\"1 minute\" \/>\n<script type=\"application\/ld+json\" class=\"yoast-schema-graph\">{\"@context\":\"https:\/\/schema.org\",\"@graph\":[{\"@type\":\"WebSite\",\"@id\":\"https:\/\/www.gonzalogarciasantos.com\/#website\",\"url\":\"https:\/\/www.gonzalogarciasantos.com\/\",\"name\":\"Gonzalo Garc\\u00eda Santos\",\"description\":\"Music Composer and Producer\",\"publisher\":{\"@id\":\"https:\/\/www.gonzalogarciasantos.com\/#\/schema\/person\/b30d438e90bf71131ef233a68bd624ee\"},\"potentialAction\":[{\"@type\":\"SearchAction\",\"target\":{\"@type\":\"EntryPoint\",\"urlTemplate\":\"https:\/\/www.gonzalogarciasantos.com\/?s={search_term_string}\"},\"query-input\":\"required name=search_term_string\"}],\"inLanguage\":\"en-US\"},{\"@type\":\"ImageObject\",\"@id\":\"https:\/\/www.gonzalogarciasantos.com\/en\/2022\/04\/los-figurantes-by-jose-sanchis-re-performance-at-the-teatro-real-carlos-iii-in-aranjuez\/#primaryimage\",\"inLanguage\":\"en-US\",\"url\":\"https:\/\/www.gonzalogarciasantos.com\/wp-content\/uploads\/2022\/04\/cartel-los-figurante2022.jpg\",\"contentUrl\":\"https:\/\/www.gonzalogarciasantos.com\/wp-content\/uploads\/2022\/04\/cartel-los-figurante2022.jpg\",\"width\":764,\"height\":1080},{\"@type\":\"WebPage\",\"@id\":\"https:\/\/www.gonzalogarciasantos.com\/en\/2022\/04\/los-figurantes-by-jose-sanchis-re-performance-at-the-teatro-real-carlos-iii-in-aranjuez\/#webpage\",\"url\":\"https:\/\/www.gonzalogarciasantos.com\/en\/2022\/04\/los-figurantes-by-jose-sanchis-re-performance-at-the-teatro-real-carlos-iii-in-aranjuez\/\",\"name\":\"Los Figurantes by Jose Sanchis. Re-performance at the Teatro Real Carlos III in Aranjuez - Gonzalo Garc\\u00eda Santos\",\"isPartOf\":{\"@id\":\"https:\/\/www.gonzalogarciasantos.com\/#website\"},\"primaryImageOfPage\":{\"@id\":\"https:\/\/www.gonzalogarciasantos.com\/en\/2022\/04\/los-figurantes-by-jose-sanchis-re-performance-at-the-teatro-real-carlos-iii-in-aranjuez\/#primaryimage\"},\"datePublished\":\"2022-04-15T17:28:46+00:00\",\"dateModified\":\"2022-04-15T17:34:21+00:00\",\"breadcrumb\":{\"@id\":\"https:\/\/www.gonzalogarciasantos.com\/en\/2022\/04\/los-figurantes-by-jose-sanchis-re-performance-at-the-teatro-real-carlos-iii-in-aranjuez\/#breadcrumb\"},\"inLanguage\":\"en-US\",\"potentialAction\":[{\"@type\":\"ReadAction\",\"target\":[\"https:\/\/www.gonzalogarciasantos.com\/en\/2022\/04\/los-figurantes-by-jose-sanchis-re-performance-at-the-teatro-real-carlos-iii-in-aranjuez\/\"]}]},{\"@type\":\"BreadcrumbList\",\"@id\":\"https:\/\/www.gonzalogarciasantos.com\/en\/2022\/04\/los-figurantes-by-jose-sanchis-re-performance-at-the-teatro-real-carlos-iii-in-aranjuez\/#breadcrumb\",\"itemListElement\":[{\"@type\":\"ListItem\",\"position\":1,\"name\":\"Portada\",\"item\":\"https:\/\/www.gonzalogarciasantos.com\/en\/\"},{\"@type\":\"ListItem\",\"position\":2,\"name\":\"Los Figurantes by Jose Sanchis. Re-performance at the Teatro Real Carlos III in Aranjuez\"}]},{\"@type\":\"Article\",\"@id\":\"https:\/\/www.gonzalogarciasantos.com\/en\/2022\/04\/los-figurantes-by-jose-sanchis-re-performance-at-the-teatro-real-carlos-iii-in-aranjuez\/#article\",\"isPartOf\":{\"@id\":\"https:\/\/www.gonzalogarciasantos.com\/en\/2022\/04\/los-figurantes-by-jose-sanchis-re-performance-at-the-teatro-real-carlos-iii-in-aranjuez\/#webpage\"},\"author\":{\"@id\":\"https:\/\/www.gonzalogarciasantos.com\/#\/schema\/person\/b30d438e90bf71131ef233a68bd624ee\"},\"headline\":\"Los Figurantes by Jose Sanchis. Re-performance at the Teatro Real Carlos III in Aranjuez\",\"datePublished\":\"2022-04-15T17:28:46+00:00\",\"dateModified\":\"2022-04-15T17:34:21+00:00\",\"mainEntityOfPage\":{\"@id\":\"https:\/\/www.gonzalogarciasantos.com\/en\/2022\/04\/los-figurantes-by-jose-sanchis-re-performance-at-the-teatro-real-carlos-iii-in-aranjuez\/#webpage\"},\"wordCount\":159,\"commentCount\":0,\"publisher\":{\"@id\":\"https:\/\/www.gonzalogarciasantos.com\/#\/schema\/person\/b30d438e90bf71131ef233a68bd624ee\"},\"image\":{\"@id\":\"https:\/\/www.gonzalogarciasantos.com\/en\/2022\/04\/los-figurantes-by-jose-sanchis-re-performance-at-the-teatro-real-carlos-iii-in-aranjuez\/#primaryimage\"},\"thumbnailUrl\":\"https:\/\/www.gonzalogarciasantos.com\/wp-content\/uploads\/2022\/04\/cartel-los-figurante2022.jpg\",\"keywords\":[\"music for theater\",\"theater\"],\"articleSection\":[\"Scenic\"],\"inLanguage\":\"en-US\",\"potentialAction\":[{\"@type\":\"CommentAction\",\"name\":\"Comment\",\"target\":[\"https:\/\/www.gonzalogarciasantos.com\/en\/2022\/04\/los-figurantes-by-jose-sanchis-re-performance-at-the-teatro-real-carlos-iii-in-aranjuez\/#respond\"]}]},{\"@type\":[\"Person\",\"Organization\"],\"@id\":\"https:\/\/www.gonzalogarciasantos.com\/#\/schema\/person\/b30d438e90bf71131ef233a68bd624ee\",\"name\":\"Gonzalo\",\"image\":{\"@type\":\"ImageObject\",\"@id\":\"https:\/\/www.gonzalogarciasantos.com\/#personlogo\",\"inLanguage\":\"en-US\",\"url\":\"https:\/\/www.gonzalogarciasantos.com\/wp-content\/uploads\/2022\/01\/gonzalo2.png\",\"contentUrl\":\"https:\/\/www.gonzalogarciasantos.com\/wp-content\/uploads\/2022\/01\/gonzalo2.png\",\"width\":720,\"height\":1080,\"caption\":\"Gonzalo\"},\"logo\":{\"@id\":\"https:\/\/www.gonzalogarciasantos.com\/#personlogo\"},\"sameAs\":[\"https:\/\/www.gonzalogarciasantos.com\"]}]}<\/script>\n<!-- \/ Yoast SEO plugin. -->","yoast_head_json":{"title":"Los Figurantes by Jose Sanchis. Re-performance at the Teatro Real Carlos III in Aranjuez - Gonzalo Garc\u00eda Santos","robots":{"index":"index","follow":"follow","max-snippet":"max-snippet:-1","max-image-preview":"max-image-preview:large","max-video-preview":"max-video-preview:-1"},"canonical":"https:\/\/www.gonzalogarciasantos.com\/en\/2022\/04\/los-figurantes-by-jose-sanchis-re-performance-at-the-teatro-real-carlos-iii-in-aranjuez\/","og_locale":"en_US","og_type":"article","og_title":"Los Figurantes by Jose Sanchis. Re-performance at the Teatro Real Carlos III in Aranjuez - Gonzalo Garc\u00eda Santos","og_description":"[vc_row][vc_column][vc_column_text]The company Teatro del Corso, directed by Delf\u00edn Est\u00e9vez and Maria Jos\u00e9 Gil, performed on 8 and 9 April the choral comedy by Jos\u00e9 Sanchis Sinisterra, Los Figurantes. As in the previous performance in 2018, they counted on the musical...","og_url":"https:\/\/www.gonzalogarciasantos.com\/en\/2022\/04\/los-figurantes-by-jose-sanchis-re-performance-at-the-teatro-real-carlos-iii-in-aranjuez\/","og_site_name":"Gonzalo Garc\u00eda Santos","article_published_time":"2022-04-15T17:28:46+00:00","article_modified_time":"2022-04-15T17:34:21+00:00","og_image":[{"width":764,"height":1080,"url":"https:\/\/www.gonzalogarciasantos.com\/wp-content\/uploads\/2022\/04\/cartel-los-figurante2022.jpg","type":"image\/jpeg"}],"twitter_card":"summary","twitter_misc":{"Written by":"Gonzalo","Est. reading time":"1 minute"},"schema":{"@context":"https:\/\/schema.org","@graph":[{"@type":"WebSite","@id":"https:\/\/www.gonzalogarciasantos.com\/#website","url":"https:\/\/www.gonzalogarciasantos.com\/","name":"Gonzalo Garc\u00eda Santos","description":"Music Composer and Producer","publisher":{"@id":"https:\/\/www.gonzalogarciasantos.com\/#\/schema\/person\/b30d438e90bf71131ef233a68bd624ee"},"potentialAction":[{"@type":"SearchAction","target":{"@type":"EntryPoint","urlTemplate":"https:\/\/www.gonzalogarciasantos.com\/?s={search_term_string}"},"query-input":"required name=search_term_string"}],"inLanguage":"en-US"},{"@type":"ImageObject","@id":"https:\/\/www.gonzalogarciasantos.com\/en\/2022\/04\/los-figurantes-by-jose-sanchis-re-performance-at-the-teatro-real-carlos-iii-in-aranjuez\/#primaryimage","inLanguage":"en-US","url":"https:\/\/www.gonzalogarciasantos.com\/wp-content\/uploads\/2022\/04\/cartel-los-figurante2022.jpg","contentUrl":"https:\/\/www.gonzalogarciasantos.com\/wp-content\/uploads\/2022\/04\/cartel-los-figurante2022.jpg","width":764,"height":1080},{"@type":"WebPage","@id":"https:\/\/www.gonzalogarciasantos.com\/en\/2022\/04\/los-figurantes-by-jose-sanchis-re-performance-at-the-teatro-real-carlos-iii-in-aranjuez\/#webpage","url":"https:\/\/www.gonzalogarciasantos.com\/en\/2022\/04\/los-figurantes-by-jose-sanchis-re-performance-at-the-teatro-real-carlos-iii-in-aranjuez\/","name":"Los Figurantes by Jose Sanchis. Re-performance at the Teatro Real Carlos III in Aranjuez - Gonzalo Garc\u00eda Santos","isPartOf":{"@id":"https:\/\/www.gonzalogarciasantos.com\/#website"},"primaryImageOfPage":{"@id":"https:\/\/www.gonzalogarciasantos.com\/en\/2022\/04\/los-figurantes-by-jose-sanchis-re-performance-at-the-teatro-real-carlos-iii-in-aranjuez\/#primaryimage"},"datePublished":"2022-04-15T17:28:46+00:00","dateModified":"2022-04-15T17:34:21+00:00","breadcrumb":{"@id":"https:\/\/www.gonzalogarciasantos.com\/en\/2022\/04\/los-figurantes-by-jose-sanchis-re-performance-at-the-teatro-real-carlos-iii-in-aranjuez\/#breadcrumb"},"inLanguage":"en-US","potentialAction":[{"@type":"ReadAction","target":["https:\/\/www.gonzalogarciasantos.com\/en\/2022\/04\/los-figurantes-by-jose-sanchis-re-performance-at-the-teatro-real-carlos-iii-in-aranjuez\/"]}]},{"@type":"BreadcrumbList","@id":"https:\/\/www.gonzalogarciasantos.com\/en\/2022\/04\/los-figurantes-by-jose-sanchis-re-performance-at-the-teatro-real-carlos-iii-in-aranjuez\/#breadcrumb","itemListElement":[{"@type":"ListItem","position":1,"name":"Portada","item":"https:\/\/www.gonzalogarciasantos.com\/en\/"},{"@type":"ListItem","position":2,"name":"Los Figurantes by Jose Sanchis. Re-performance at the Teatro Real Carlos III in Aranjuez"}]},{"@type":"Article","@id":"https:\/\/www.gonzalogarciasantos.com\/en\/2022\/04\/los-figurantes-by-jose-sanchis-re-performance-at-the-teatro-real-carlos-iii-in-aranjuez\/#article","isPartOf":{"@id":"https:\/\/www.gonzalogarciasantos.com\/en\/2022\/04\/los-figurantes-by-jose-sanchis-re-performance-at-the-teatro-real-carlos-iii-in-aranjuez\/#webpage"},"author":{"@id":"https:\/\/www.gonzalogarciasantos.com\/#\/schema\/person\/b30d438e90bf71131ef233a68bd624ee"},"headline":"Los Figurantes by Jose Sanchis. Re-performance at the Teatro Real Carlos III in Aranjuez","datePublished":"2022-04-15T17:28:46+00:00","dateModified":"2022-04-15T17:34:21+00:00","mainEntityOfPage":{"@id":"https:\/\/www.gonzalogarciasantos.com\/en\/2022\/04\/los-figurantes-by-jose-sanchis-re-performance-at-the-teatro-real-carlos-iii-in-aranjuez\/#webpage"},"wordCount":159,"commentCount":0,"publisher":{"@id":"https:\/\/www.gonzalogarciasantos.com\/#\/schema\/person\/b30d438e90bf71131ef233a68bd624ee"},"image":{"@id":"https:\/\/www.gonzalogarciasantos.com\/en\/2022\/04\/los-figurantes-by-jose-sanchis-re-performance-at-the-teatro-real-carlos-iii-in-aranjuez\/#primaryimage"},"thumbnailUrl":"https:\/\/www.gonzalogarciasantos.com\/wp-content\/uploads\/2022\/04\/cartel-los-figurante2022.jpg","keywords":["music for theater","theater"],"articleSection":["Scenic"],"inLanguage":"en-US","potentialAction":[{"@type":"CommentAction","name":"Comment","target":["https:\/\/www.gonzalogarciasantos.com\/en\/2022\/04\/los-figurantes-by-jose-sanchis-re-performance-at-the-teatro-real-carlos-iii-in-aranjuez\/#respond"]}]},{"@type":["Person","Organization"],"@id":"https:\/\/www.gonzalogarciasantos.com\/#\/schema\/person\/b30d438e90bf71131ef233a68bd624ee","name":"Gonzalo","image":{"@type":"ImageObject","@id":"https:\/\/www.gonzalogarciasantos.com\/#personlogo","inLanguage":"en-US","url":"https:\/\/www.gonzalogarciasantos.com\/wp-content\/uploads\/2022\/01\/gonzalo2.png","contentUrl":"https:\/\/www.gonzalogarciasantos.com\/wp-content\/uploads\/2022\/01\/gonzalo2.png","width":720,"height":1080,"caption":"Gonzalo"},"logo":{"@id":"https:\/\/www.gonzalogarciasantos.com\/#personlogo"},"sameAs":["https:\/\/www.gonzalogarciasantos.com"]}]}},"_links":{"self":[{"href":"https:\/\/www.gonzalogarciasantos.com\/en\/wp-json\/wp\/v2\/posts\/2323"}],"collection":[{"href":"https:\/\/www.gonzalogarciasantos.com\/en\/wp-json\/wp\/v2\/posts"}],"about":[{"href":"https:\/\/www.gonzalogarciasantos.com\/en\/wp-json\/wp\/v2\/types\/post"}],"author":[{"embeddable":true,"href":"https:\/\/www.gonzalogarciasantos.com\/en\/wp-json\/wp\/v2\/users\/1"}],"replies":[{"embeddable":true,"href":"https:\/\/www.gonzalogarciasantos.com\/en\/wp-json\/wp\/v2\/comments?post=2323"}],"version-history":[{"count":0,"href":"https:\/\/www.gonzalogarciasantos.com\/en\/wp-json\/wp\/v2\/posts\/2323\/revisions"}],"wp:featuredmedia":[{"embeddable":true,"href":"https:\/\/www.gonzalogarciasantos.com\/en\/wp-json\/wp\/v2\/media\/2322"}],"wp:attachment":[{"href":"https:\/\/www.gonzalogarciasantos.com\/en\/wp-json\/wp\/v2\/media?parent=2323"}],"wp:term":[{"taxonomy":"category","embeddable":true,"href":"https:\/\/www.gonzalogarciasantos.com\/en\/wp-json\/wp\/v2\/categories?post=2323"},{"taxonomy":"post_tag","embeddable":true,"href":"https:\/\/www.gonzalogarciasantos.com\/en\/wp-json\/wp\/v2\/tags?post=2323"}],"curies":[{"name":"wp","href":"https:\/\/api.w.org\/{rel}","templated":true}]}}